{"id":70010,"date":"2019-05-09T09:26:11","date_gmt":"2019-05-09T07:26:11","guid":{"rendered":"http:\/\/tagespflege-wirtz.de\/asfd845qaw3\/?p=70010"},"modified":"2022-03-31T11:28:14","modified_gmt":"2022-03-31T09:28:14","slug":"tag-der-offenen-tuer-eroeffnung","status":"publish","type":"post","link":"http:\/\/tagespflege-wirtz.de\/asfd845qaw3\/tag-der-offenen-tuer-eroeffnung\/","title":{"rendered":"Tag der offenen T\u00fcr &#8211; Er\u00f6ffnung"},"content":{"rendered":"<p>[et_pb_section bb_built=&#8220;1&#8243; specialty=&#8220;off&#8220; _builder_version=&#8220;3.19.17&#8243; custom_margin=&#8220;0px||10px|&#8220; box_shadow_style=&#8220;preset3&#8243; background_color=&#8220;#f4e4a6&#8243;][et_pb_row _builder_version=&#8220;3.19.17&#8243; make_equal=&#8220;on&#8220; custom_margin=&#8220;0px||0px|&#8220; custom_padding=&#8220;0px||0px|&#8220;][et_pb_column type=&#8220;1_4&#8243;][et_pb_image admin_label=&#8220;Bild &#8211; Button_blau_Mensch-Alter_Tagespflege-Wirtz.png&#8220; _builder_version=&#8220;3.19.17&#8243; src=&#8220;http:\/\/tagespflege-wirtz.de\/asfd845qaw3\/wp-content\/uploads\/2019\/03\/Button_blau_Mensch-Alter_Tagespflege-Wirtz.png&#8220; max_width=&#8220;80%&#8220; max_width_phone=&#8220;50%&#8220; max_width_last_edited=&#8220;on|desktop&#8220; \/][\/et_pb_column][et_pb_column type=&#8220;3_4&#8243;][et_pb_text admin_label=&#8220;Artikel &#8211; Tag der offenen T\u00fcr &#8211; ER\u00d6FFNUNG&#8220; _builder_version=&#8220;3.19.17&#8243; header_font_size=&#8220;24px&#8220; text_line_height=&#8220;1.3em&#8220; header_line_height=&#8220;1.3em&#8220; header_text_shadow_horizontal_length=&#8220;0.08em&#8220; header_text_shadow_vertical_length=&#8220;0.08em&#8220; header_text_shadow_blur_strength=&#8220;0.08em&#8220;]<\/p>\n<p><strong>Im Juli 2019 war es soweit: Die Tagespflege \u201eZum Alten Amtsgericht&#8220; feiert seine Neuer\u00f6ffnung.<\/strong><\/p>\n<p>Im Herzen von Burgst\u00e4dt gelegen ist das Geb\u00e4ude des \u201eAlten Amtsgerichtes\u201c vielen Burgst\u00e4dtern ein Begriff. Nach langer Bauzeit wurde mit einem Tag der offenen T\u00fcr am 24.05.2019 die Er\u00f6ffnung gefeiert. \u00a0Den ganzen Tag schauten sich sich Interessierte um und informierten sich \u00fcber die Leistungen der Tagespflege.<\/p>\n<p>Tags\u00fcber gut aufgehoben sein und abends wieder im eigenen Bett schlafen \u2013 eine Tagespflege ist f\u00fcr viele Senioren ein beliebtes und wichtiges Angebot, das ihnen neue Lebensqualit\u00e4t erm\u00f6glicht<\/p>\n<p>Den Tag strukturiert und in Gesellschaft zu verbringen und am Abend in die vertraute Umgebung zur\u00fcckzukehren \u2013 das ist das Prinzip einer Tagespflege. Die Tagespflege schlie\u00dft eine Versorgungsl\u00fccke zwischen der Pflege zu Hause und dem Umzug in eine station\u00e4re Einrichtung.<\/p>\n<p>\u201eIn unserer Tagespflege bieten wir unseren G\u00e4sten ein Zuhause f\u00fcr den Tag und erhalten die qualifizierte Pflege und Unterst\u00fctzung, die sie ben\u00f6tigen. Wertsch\u00e4tzung und Respekt pr\u00e4gen den Umgang mit unseren G\u00e4sten. \u00a0Auch dadurch entstehen vertrauensvolle und pers\u00f6nliche Beziehungen. Das ist uns wichtig.\u201c, so die Pflegedienstleiterin.<\/p>\n<p>\u00a0Zum Angebot der Tagespflege \u201eZum Alten Amtsgericht\u201c geh\u00f6rt das Abholen der G\u00e4ste von ihrem Zuhause und das Zur\u00fcckbringen.<\/p>\n<p>\u00a0<\/p>\n<p>[\/et_pb_text][\/et_pb_column][\/et_pb_row][\/et_pb_section]<\/p>\n","protected":false},"excerpt":{"rendered":"<p>[et_pb_section bb_built=&#8220;1&#8243; specialty=&#8220;off&#8220; _builder_version=&#8220;3.19.17&#8243; custom_margin=&#8220;0px||10px|&#8220; box_shadow_style=&#8220;preset3&#8243; background_color=&#8220;#f4e4a6&#8243;][et_pb_row _builder_version=&#8220;3.19.17&#8243; make_equal=&#8220;on&#8220; custom_margin=&#8220;0px||0px|&#8220; custom_padding=&#8220;0px||0px|&#8220;][et_pb_column type=&#8220;1_4&#8243;][et_pb_image admin_label=&#8220;Bild &#8211; Button_blau_Mensch-Alter_Tagespflege-Wirtz.png&#8220; _builder_version=&#8220;3.19.17&#8243; src=&#8220;http:\/\/tagespflege-wirtz.de\/asfd845qaw3\/wp-content\/uploads\/2019\/03\/Button_blau_Mensch-Alter_Tagespflege-Wirtz.png&#8220; max_width=&#8220;80%&#8220; max_width_phone=&#8220;50%&#8220; max_width_last_edited=&#8220;on|desktop&#8220; \/][\/et_pb_column][et_pb_column type=&#8220;3_4&#8243;][et_pb_text admin_label=&#8220;Artikel &#8211; Tag der offenen T\u00fcr &#8211; ER\u00d6FFNUNG&#8220; _builder_version=&#8220;3.19.17&#8243; header_font_size=&#8220;24px&#8220; text_line_height=&#8220;1.3em&#8220; header_line_height=&#8220;1.3em&#8220; header_text_shadow_horizontal_length=&#8220;0.08em&#8220; header_text_shadow_vertical_length=&#8220;0.08em&#8220; header_text_shadow_blur_strength=&#8220;0.08em&#8220;] Im Juli 2019 war es soweit: Die Tagespflege \u201eZum Alten Amtsgericht&#8220; feiert seine Neuer\u00f6ffnung. Im Herzen von Burgst\u00e4dt [&hellip;]<\/p>\n","protected":false},"author":1,"featured_media":0,"comment_status":"closed","ping_status":"open","sticky":false,"template":"","format":"standard","meta":{"_et_pb_use_builder":"on","_et_pb_old_content":"","footnotes":""},"categories":[1],"tags":[],"class_list":["post-70010","post","type-post","status-publish","format-standard","hentry","category-allgemein"],"_links":{"self":[{"href":"http:\/\/tagespflege-wirtz.de\/asfd845qaw3\/wp-json\/wp\/v2\/posts\/70010"}],"collection":[{"href":"http:\/\/tagespflege-wirtz.de\/asfd845qaw3\/wp-json\/wp\/v2\/posts"}],"about":[{"href":"http:\/\/tagespflege-wirtz.de\/asfd845qaw3\/wp-json\/wp\/v2\/types\/post"}],"author":[{"embeddable":true,"href":"http:\/\/tagespflege-wirtz.de\/asfd845qaw3\/wp-json\/wp\/v2\/users\/1"}],"replies":[{"embeddable":true,"href":"http:\/\/tagespflege-wirtz.de\/asfd845qaw3\/wp-json\/wp\/v2\/comments?post=70010"}],"version-history":[{"count":14,"href":"http:\/\/tagespflege-wirtz.de\/asfd845qaw3\/wp-json\/wp\/v2\/posts\/70010\/revisions"}],"predecessor-version":[{"id":70101,"href":"http:\/\/tagespflege-wirtz.de\/asfd845qaw3\/wp-json\/wp\/v2\/posts\/70010\/revisions\/70101"}],"wp:attachment":[{"href":"http:\/\/tagespflege-wirtz.de\/asfd845qaw3\/wp-json\/wp\/v2\/media?parent=70010"}],"wp:term":[{"taxonomy":"category","embeddable":true,"href":"http:\/\/tagespflege-wirtz.de\/asfd845qaw3\/wp-json\/wp\/v2\/categories?post=70010"},{"taxonomy":"post_tag","embeddable":true,"href":"http:\/\/tagespflege-wirtz.de\/asfd845qaw3\/wp-json\/wp\/v2\/tags?post=70010"}],"curies":[{"name":"wp","href":"https:\/\/api.w.org\/{rel}","templated":true}]}}